{"id":1326,"date":"2022-04-27T11:14:45","date_gmt":"2022-04-27T09:14:45","guid":{"rendered":"https:\/\/sprusiec.nadarzyn.pl\/przedszkole\/?p=1326"},"modified":"2022-04-27T11:24:27","modified_gmt":"2022-04-27T09:24:27","slug":"konkurs-ofert-na-realizacje-zadania-publicznego-z-zakresu-wychowania-przedszkolnego","status":"publish","type":"post","link":"https:\/\/sprusiec.nadarzyn.pl\/przedszkole\/konkurs-ofert-na-realizacje-zadania-publicznego-z-zakresu-wychowania-przedszkolnego\/","title":{"rendered":"Konkurs ofert na realizacj\u0119 zadania publicznego z zakresu wychowania przedszkolnego o nazwie \u201eZapewnienie dzieciom w wieku przedszkolnym zamieszka\u0142ym na terenie gminy Nadarzyn mo\u017cliwo\u015bci korzystania  z wychowania przedszkolnego\u201d- za\u0142\u0105czniki"},"content":{"rendered":"","protected":false},"excerpt":{"rendered":"","protected":false},"author":1,"featured_media":0,"comment_status":"open","ping_status":"open","sticky":false,"template":"","format":"standard","meta":{"footnotes":""},"categories":[3,4],"tags":[],"yoast_head":"<!-- This site is optimized with the Yoast SEO plugin v23.5 - https:\/\/yoast.com\/wordpress\/plugins\/seo\/ -->\n<title>Konkurs ofert na realizacj\u0119 zadania publicznego z zakresu wychowania przedszkolnego o nazwie \u201eZapewnienie dzieciom w wieku przedszkolnym zamieszka\u0142ym na terenie gminy Nadarzyn mo\u017cliwo\u015bci korzystania z wychowania przedszkolnego\u201d- za\u0142\u0105czniki - Przedszkole<\/title>\n<meta name=\"robots\" content=\"index, follow, max-snippet:-1, max-image-preview:large, max-video-preview:-1\" \/>\n<link rel=\"canonical\" href=\"https:\/\/sprusiec.nadarzyn.pl\/przedszkole\/konkurs-ofert-na-realizacje-zadania-publicznego-z-zakresu-wychowania-przedszkolnego\/\" \/>\n<meta property=\"og:locale\" content=\"pl_PL\" \/>\n<meta property=\"og:type\" content=\"article\" \/>\n<meta property=\"og:title\" content=\"Konkurs ofert na realizacj\u0119 zadania publicznego z zakresu wychowania przedszkolnego o nazwie \u201eZapewnienie dzieciom w wieku przedszkolnym zamieszka\u0142ym na terenie gminy Nadarzyn mo\u017cliwo\u015bci korzystania z wychowania przedszkolnego\u201d- za\u0142\u0105czniki - Przedszkole\" \/>\n<meta property=\"og:url\" content=\"https:\/\/sprusiec.nadarzyn.pl\/przedszkole\/konkurs-ofert-na-realizacje-zadania-publicznego-z-zakresu-wychowania-przedszkolnego\/\" \/>\n<meta property=\"og:site_name\" content=\"Przedszkole\" \/>\n<meta property=\"article:published_time\" content=\"2022-04-27T09:14:45+00:00\" \/>\n<meta property=\"article:modified_time\" content=\"2022-04-27T09:24:27+00:00\" \/>\n<meta name=\"author\" content=\"admin_s\" \/>\n<meta name=\"twitter:card\" content=\"summary_large_image\" \/>\n<meta name=\"twitter:label1\" content=\"Napisane przez\" \/>\n\t<meta name=\"twitter:data1\" content=\"admin_s\" \/>\n<script type=\"application\/ld+json\" class=\"yoast-schema-graph\">{\"@context\":\"https:\/\/schema.org\",\"@graph\":[{\"@type\":\"WebPage\",\"@id\":\"https:\/\/sprusiec.nadarzyn.pl\/przedszkole\/konkurs-ofert-na-realizacje-zadania-publicznego-z-zakresu-wychowania-przedszkolnego\/\",\"url\":\"https:\/\/sprusiec.nadarzyn.pl\/przedszkole\/konkurs-ofert-na-realizacje-zadania-publicznego-z-zakresu-wychowania-przedszkolnego\/\",\"name\":\"Konkurs ofert na realizacj\u0119 zadania publicznego z zakresu wychowania przedszkolnego o nazwie \u201eZapewnienie dzieciom w wieku przedszkolnym zamieszka\u0142ym na terenie gminy Nadarzyn mo\u017cliwo\u015bci korzystania z wychowania przedszkolnego\u201d- za\u0142\u0105czniki - Przedszkole\",\"isPartOf\":{\"@id\":\"https:\/\/sprusiec.nadarzyn.pl\/przedszkole\/#website\"},\"datePublished\":\"2022-04-27T09:14:45+00:00\",\"dateModified\":\"2022-04-27T09:24:27+00:00\",\"author\":{\"@id\":\"https:\/\/sprusiec.nadarzyn.pl\/przedszkole\/#\/schema\/person\/4ad7689595c14419df19e2460d3c702a\"},\"breadcrumb\":{\"@id\":\"https:\/\/sprusiec.nadarzyn.pl\/przedszkole\/konkurs-ofert-na-realizacje-zadania-publicznego-z-zakresu-wychowania-przedszkolnego\/#breadcrumb\"},\"inLanguage\":\"pl-PL\",\"potentialAction\":[{\"@type\":\"ReadAction\",\"target\":[\"https:\/\/sprusiec.nadarzyn.pl\/przedszkole\/konkurs-ofert-na-realizacje-zadania-publicznego-z-zakresu-wychowania-przedszkolnego\/\"]}]},{\"@type\":\"BreadcrumbList\",\"@id\":\"https:\/\/sprusiec.nadarzyn.pl\/przedszkole\/konkurs-ofert-na-realizacje-zadania-publicznego-z-zakresu-wychowania-przedszkolnego\/#breadcrumb\",\"itemListElement\":[{\"@type\":\"ListItem\",\"position\":1,\"name\":\"Strona g\u0142\u00f3wna\",\"item\":\"https:\/\/sprusiec.nadarzyn.pl\/przedszkole\/\"},{\"@type\":\"ListItem\",\"position\":2,\"name\":\"Konkurs ofert na realizacj\u0119 zadania publicznego z zakresu wychowania przedszkolnego o nazwie \u201eZapewnienie dzieciom w wieku przedszkolnym zamieszka\u0142ym na terenie gminy Nadarzyn mo\u017cliwo\u015bci korzystania z wychowania przedszkolnego\u201d- za\u0142\u0105czniki\"}]},{\"@type\":\"WebSite\",\"@id\":\"https:\/\/sprusiec.nadarzyn.pl\/przedszkole\/#website\",\"url\":\"https:\/\/sprusiec.nadarzyn.pl\/przedszkole\/\",\"name\":\"Przedszkole\",\"description\":\"Kolejna witryna sieci \u201eSzkola Witryn\u201d\",\"potentialAction\":[{\"@type\":\"SearchAction\",\"target\":{\"@type\":\"EntryPoint\",\"urlTemplate\":\"https:\/\/sprusiec.nadarzyn.pl\/przedszkole\/?s={search_term_string}\"},\"query-input\":{\"@type\":\"PropertyValueSpecification\",\"valueRequired\":true,\"valueName\":\"search_term_string\"}}],\"inLanguage\":\"pl-PL\"},{\"@type\":\"Person\",\"@id\":\"https:\/\/sprusiec.nadarzyn.pl\/przedszkole\/#\/schema\/person\/4ad7689595c14419df19e2460d3c702a\",\"name\":\"admin_s\",\"image\":{\"@type\":\"ImageObject\",\"inLanguage\":\"pl-PL\",\"@id\":\"https:\/\/sprusiec.nadarzyn.pl\/przedszkole\/#\/schema\/person\/image\/\",\"url\":\"https:\/\/secure.gravatar.com\/avatar\/a2ae0f337bca3e8869e14f7f602799d4?s=96&d=mm&r=g\",\"contentUrl\":\"https:\/\/secure.gravatar.com\/avatar\/a2ae0f337bca3e8869e14f7f602799d4?s=96&d=mm&r=g\",\"caption\":\"admin_s\"},\"sameAs\":[\"https:\/\/sprusiec.nadarzyn.pl\"],\"url\":\"https:\/\/sprusiec.nadarzyn.pl\/przedszkole\/author\/admin_s\/\"}]}<\/script>\n<!-- \/ Yoast SEO plugin. -->","yoast_head_json":{"title":"Konkurs ofert na realizacj\u0119 zadania publicznego z zakresu wychowania przedszkolnego o nazwie \u201eZapewnienie dzieciom w wieku przedszkolnym zamieszka\u0142ym na terenie gminy Nadarzyn mo\u017cliwo\u015bci korzystania z wychowania przedszkolnego\u201d- za\u0142\u0105czniki - Przedszkole","robots":{"index":"index","follow":"follow","max-snippet":"max-snippet:-1","max-image-preview":"max-image-preview:large","max-video-preview":"max-video-preview:-1"},"canonical":"https:\/\/sprusiec.nadarzyn.pl\/przedszkole\/konkurs-ofert-na-realizacje-zadania-publicznego-z-zakresu-wychowania-przedszkolnego\/","og_locale":"pl_PL","og_type":"article","og_title":"Konkurs ofert na realizacj\u0119 zadania publicznego z zakresu wychowania przedszkolnego o nazwie \u201eZapewnienie dzieciom w wieku przedszkolnym zamieszka\u0142ym na terenie gminy Nadarzyn mo\u017cliwo\u015bci korzystania z wychowania przedszkolnego\u201d- za\u0142\u0105czniki - Przedszkole","og_url":"https:\/\/sprusiec.nadarzyn.pl\/przedszkole\/konkurs-ofert-na-realizacje-zadania-publicznego-z-zakresu-wychowania-przedszkolnego\/","og_site_name":"Przedszkole","article_published_time":"2022-04-27T09:14:45+00:00","article_modified_time":"2022-04-27T09:24:27+00:00","author":"admin_s","twitter_card":"summary_large_image","twitter_misc":{"Napisane przez":"admin_s"},"schema":{"@context":"https:\/\/schema.org","@graph":[{"@type":"WebPage","@id":"https:\/\/sprusiec.nadarzyn.pl\/przedszkole\/konkurs-ofert-na-realizacje-zadania-publicznego-z-zakresu-wychowania-przedszkolnego\/","url":"https:\/\/sprusiec.nadarzyn.pl\/przedszkole\/konkurs-ofert-na-realizacje-zadania-publicznego-z-zakresu-wychowania-przedszkolnego\/","name":"Konkurs ofert na realizacj\u0119 zadania publicznego z zakresu wychowania przedszkolnego o nazwie \u201eZapewnienie dzieciom w wieku przedszkolnym zamieszka\u0142ym na terenie gminy Nadarzyn mo\u017cliwo\u015bci korzystania z wychowania przedszkolnego\u201d- za\u0142\u0105czniki - Przedszkole","isPartOf":{"@id":"https:\/\/sprusiec.nadarzyn.pl\/przedszkole\/#website"},"datePublished":"2022-04-27T09:14:45+00:00","dateModified":"2022-04-27T09:24:27+00:00","author":{"@id":"https:\/\/sprusiec.nadarzyn.pl\/przedszkole\/#\/schema\/person\/4ad7689595c14419df19e2460d3c702a"},"breadcrumb":{"@id":"https:\/\/sprusiec.nadarzyn.pl\/przedszkole\/konkurs-ofert-na-realizacje-zadania-publicznego-z-zakresu-wychowania-przedszkolnego\/#breadcrumb"},"inLanguage":"pl-PL","potentialAction":[{"@type":"ReadAction","target":["https:\/\/sprusiec.nadarzyn.pl\/przedszkole\/konkurs-ofert-na-realizacje-zadania-publicznego-z-zakresu-wychowania-przedszkolnego\/"]}]},{"@type":"BreadcrumbList","@id":"https:\/\/sprusiec.nadarzyn.pl\/przedszkole\/konkurs-ofert-na-realizacje-zadania-publicznego-z-zakresu-wychowania-przedszkolnego\/#breadcrumb","itemListElement":[{"@type":"ListItem","position":1,"name":"Strona g\u0142\u00f3wna","item":"https:\/\/sprusiec.nadarzyn.pl\/przedszkole\/"},{"@type":"ListItem","position":2,"name":"Konkurs ofert na realizacj\u0119 zadania publicznego z zakresu wychowania przedszkolnego o nazwie \u201eZapewnienie dzieciom w wieku przedszkolnym zamieszka\u0142ym na terenie gminy Nadarzyn mo\u017cliwo\u015bci korzystania z wychowania przedszkolnego\u201d- za\u0142\u0105czniki"}]},{"@type":"WebSite","@id":"https:\/\/sprusiec.nadarzyn.pl\/przedszkole\/#website","url":"https:\/\/sprusiec.nadarzyn.pl\/przedszkole\/","name":"Przedszkole","description":"Kolejna witryna sieci \u201eSzkola Witryn\u201d","potentialAction":[{"@type":"SearchAction","target":{"@type":"EntryPoint","urlTemplate":"https:\/\/sprusiec.nadarzyn.pl\/przedszkole\/?s={search_term_string}"},"query-input":{"@type":"PropertyValueSpecification","valueRequired":true,"valueName":"search_term_string"}}],"inLanguage":"pl-PL"},{"@type":"Person","@id":"https:\/\/sprusiec.nadarzyn.pl\/przedszkole\/#\/schema\/person\/4ad7689595c14419df19e2460d3c702a","name":"admin_s","image":{"@type":"ImageObject","inLanguage":"pl-PL","@id":"https:\/\/sprusiec.nadarzyn.pl\/przedszkole\/#\/schema\/person\/image\/","url":"https:\/\/secure.gravatar.com\/avatar\/a2ae0f337bca3e8869e14f7f602799d4?s=96&d=mm&r=g","contentUrl":"https:\/\/secure.gravatar.com\/avatar\/a2ae0f337bca3e8869e14f7f602799d4?s=96&d=mm&r=g","caption":"admin_s"},"sameAs":["https:\/\/sprusiec.nadarzyn.pl"],"url":"https:\/\/sprusiec.nadarzyn.pl\/przedszkole\/author\/admin_s\/"}]}},"_links":{"self":[{"href":"https:\/\/sprusiec.nadarzyn.pl\/przedszkole\/wp-json\/wp\/v2\/posts\/1326"}],"collection":[{"href":"https:\/\/sprusiec.nadarzyn.pl\/przedszkole\/wp-json\/wp\/v2\/posts"}],"about":[{"href":"https:\/\/sprusiec.nadarzyn.pl\/przedszkole\/wp-json\/wp\/v2\/types\/post"}],"author":[{"embeddable":true,"href":"https:\/\/sprusiec.nadarzyn.pl\/przedszkole\/wp-json\/wp\/v2\/users\/1"}],"replies":[{"embeddable":true,"href":"https:\/\/sprusiec.nadarzyn.pl\/przedszkole\/wp-json\/wp\/v2\/comments?post=1326"}],"version-history":[{"count":0,"href":"https:\/\/sprusiec.nadarzyn.pl\/przedszkole\/wp-json\/wp\/v2\/posts\/1326\/revisions"}],"wp:attachment":[{"href":"https:\/\/sprusiec.nadarzyn.pl\/przedszkole\/wp-json\/wp\/v2\/media?parent=1326"}],"wp:term":[{"taxonomy":"category","embeddable":true,"href":"https:\/\/sprusiec.nadarzyn.pl\/przedszkole\/wp-json\/wp\/v2\/categories?post=1326"},{"taxonomy":"post_tag","embeddable":true,"href":"https:\/\/sprusiec.nadarzyn.pl\/przedszkole\/wp-json\/wp\/v2\/tags?post=1326"}],"curies":[{"name":"wp","href":"https:\/\/api.w.org\/{rel}","templated":true}]}}